{"id":85,"date":"2018-12-19T10:12:16","date_gmt":"2018-12-19T09:12:16","guid":{"rendered":"https:\/\/ablal.de\/?p=85"},"modified":"2018-12-19T10:13:34","modified_gmt":"2018-12-19T09:13:34","slug":"film-composite-materiau-disolation-pare-vapeur-isolation-des-batiments","status":"publish","type":"post","link":"https:\/\/ablal.de\/fr\/verbundfolien-isolationsmaterial-dampfsperre-gebaeudedaemmung\/","title":{"rendered":"Films composites comme isolation et pare-vapeur pour l'isolation des b\u00e2timents"},"content":{"rendered":"<p>Les films modernes utilis\u00e9s pour l'isolation des b\u00e2timents font office de pare-vapeur et d'isolant thermique. L'association signifie plusieurs couches de films diff\u00e9rents. Diff\u00e9rents types de films sont li\u00e9s m\u00e9caniquement ou chimiquement. <\/p>\n<h3>Isolation des b\u00e2timents par des composites fonctionnels<\/h3>\n<p>Les ma\u00eetres d'ouvrage peuvent facilement atteindre un objectif avec le film composite : augmenter la surface habitable en r\u00e9duisant l'\u00e9paisseur des murs. La feuille d'aluminium est souvent utilis\u00e9e en combinaison avec d'autres mat\u00e9riaux. <\/p>\n<p>Les films m\u00e9tallis\u00e9s sont plac\u00e9s en sandwich entre deux films de protection. Lors du montage, il faut veiller \u00e0 ne pas endommager la peau ext\u00e9rieure. Tout dommage, m\u00eame minime, r\u00e9duit consid\u00e9rablement l'isolation.<\/p>\n<h3>Isolation acoustique, isolation thermique avec tissu synth\u00e9tique<\/h3>\n<p>Les films composites servent \u00e0 r\u00e9duire le bruit et la d\u00e9perdition de chaleur des b\u00e2timents. Les ma\u00eetres d'ouvrage peuvent demander des subventions de l'\u00c9tat pour l'isolation des b\u00e2timents. De tels films composites peuvent \u00eatre install\u00e9s de mani\u00e8re peu encombrante tout en offrant des valeurs efficaces en mati\u00e8re d'isolation acoustique et de rayonnement thermique. En mati\u00e8re d'isolation thermique, des rendements de 96 % sont courants pour des co\u00fbts mod\u00e9r\u00e9s.<\/p>\n<h3>Isolation du toit et montage<\/h3>\n<p>Les mat\u00e9riaux d'isolation de toiture modernes peuvent remplacer la laine min\u00e9rale ou la laine de roche plus \u00e9paisse. L\u00e0 o\u00f9 les isolants traditionnels n\u00e9cessitent des bandes de 12 cm d'\u00e9paisseur pour atteindre une valeur d'isolation, les mat\u00e9riaux composites peuvent parfois atteindre des valeurs d'isolation comparables avec des \u00e9paisseurs beaucoup plus faibles. <\/p>\n<p>La combinaison de laine min\u00e9rale et de feuilles m\u00e9tallis\u00e9es peut \u00eatre utilis\u00e9e pour l'isolation des toits, des murs et des sols. Ils conviennent aussi bien aux nouvelles constructions qu'aux extensions ou \u00e0 tout type de r\u00e9novation. En cas de d\u00e9molition, le film composite pr\u00e9sente un avantage, car il est plus facile \u00e0 \u00e9liminer et son volume est plus faible. Ils sont extr\u00eamement flexibles, ce qui constitue un avantage suppl\u00e9mentaire lorsqu'ils sont utilis\u00e9s pour des \u00e9l\u00e9ments de construction compliqu\u00e9s tels que les lucarnes.<\/p>\n<p>Le traitement des l\u00e9s de films composites s'effectue g\u00e9n\u00e9ralement \u00e0 l'aide d'un ruban adh\u00e9sif sp\u00e9cial. Appliqu\u00e9s de cette mani\u00e8re, les diff\u00e9rents l\u00e9s obtiennent un assemblage continu tout en \u00e9tant tr\u00e8s peu encombrants. <\/p>\n<p>Les grilles en plastique deviennent de plus en plus un mat\u00e9riau d'isolation dans le secteur de la construction, qui remplace les mat\u00e9riaux d'isolation volum\u00e9trique traditionnels gr\u00e2ce \u00e0 leur utilisation polyvalente.<\/p>","protected":false},"excerpt":{"rendered":"Les films modernes utilis\u00e9s pour l'isolation des b\u00e2timents font office de pare-vapeur et d'isolant thermique. L'association signifie plusieurs couches de films diff\u00e9rents. Diff\u00e9rents types de films sont li\u00e9s m\u00e9caniquement ou chimiquement. Isolation des b\u00e2timents gr\u00e2ce \u00e0 des composites fonctionnels Les ma\u00eetres d'ouvrage peuvent facilement atteindre un objectif avec les films composites : plus de surface habitable gr\u00e2ce \u00e0 une \u00e9paisseur de mur r\u00e9duite. La feuille d'aluminium est souvent associ\u00e9e \u00e0 d'autres mat\u00e9riaux.... <a class=\"view-article\" href=\"https:\/\/ablal.de\/fr\/verbundfolien-isolationsmaterial-dampfsperre-gebaeudedaemmung\/\">Lire la suite<\/a>","protected":false},"author":1,"featured_media":0,"comment_status":"open","ping_status":"open","sticky":false,"template":"","format":"standard","meta":{"footnotes":""},"categories":[1],"tags":[],"class_list":["post-85","post","type-post","status-publish","format-standard","hentry","category-allgemein"],"yoast_head":"<!-- This site is optimized with the Yoast SEO plugin v26.9 - https:\/\/yoast.com\/product\/yoast-seo-wordpress\/ -->\n<title>Verbundfolien als Isolation und Dampfsperre f\u00fcr Geb\u00e4uded\u00e4mmung<\/title>\n<meta name=\"description\" content=\"Verbundfolien, die zur Geb\u00e4uded\u00e4mmung verwendet werden, fungieren als Dampfsperre und W\u00e4rmeisolator, Schalld\u00e4mmung und W\u00e4rmed\u00e4mmung.\" \/>\n<meta name=\"robots\" content=\"index, follow, max-snippet:-1, max-image-preview:large, max-video-preview:-1\" \/>\n<link rel=\"canonical\" href=\"https:\/\/ablal.de\/fr\/film-composite-materiau-disolation-pare-vapeur-isolation-des-batiments\/\" \/>\n<meta property=\"og:locale\" content=\"fr_FR\" \/>\n<meta property=\"og:type\" content=\"article\" \/>\n<meta property=\"og:title\" content=\"Verbundfolien als Isolation und Dampfsperre f\u00fcr Geb\u00e4uded\u00e4mmung\" \/>\n<meta property=\"og:description\" content=\"Verbundfolien, die zur Geb\u00e4uded\u00e4mmung verwendet werden, fungieren als Dampfsperre und W\u00e4rmeisolator, Schalld\u00e4mmung und W\u00e4rmed\u00e4mmung.\" \/>\n<meta property=\"og:url\" content=\"https:\/\/ablal.de\/fr\/film-composite-materiau-disolation-pare-vapeur-isolation-des-batiments\/\" \/>\n<meta property=\"og:site_name\" content=\"Aluminiumfolie, Blister, Laminate\" \/>\n<meta property=\"article:published_time\" content=\"2018-12-19T09:12:16+00:00\" \/>\n<meta property=\"article:modified_time\" content=\"2018-12-19T09:13:34+00:00\" \/>\n<meta name=\"author\" content=\"admin\" \/>\n<meta name=\"twitter:card\" content=\"summary_large_image\" \/>\n<meta name=\"twitter:label1\" content=\"\u00c9crit par\" \/>\n\t<meta name=\"twitter:data1\" content=\"admin\" \/>\n\t<meta name=\"twitter:label2\" content=\"Dur\u00e9e de lecture estim\u00e9e\" \/>\n\t<meta name=\"twitter:data2\" content=\"2 minutes\" \/>\n<script type=\"application\/ld+json\" class=\"yoast-schema-graph\">{\"@context\":\"https:\/\/schema.org\",\"@graph\":[{\"@type\":\"Article\",\"@id\":\"https:\/\/ablal.de\/verbundfolien-isolationsmaterial-dampfsperre-gebaeudedaemmung\/#article\",\"isPartOf\":{\"@id\":\"https:\/\/ablal.de\/verbundfolien-isolationsmaterial-dampfsperre-gebaeudedaemmung\/\"},\"author\":{\"name\":\"admin\",\"@id\":\"https:\/\/ablal.de\/#\/schema\/person\/781b782616d3797b8332af97cd5470f3\"},\"headline\":\"Verbundfolien als Isolation und Dampfsperre f\u00fcr Geb\u00e4uded\u00e4mmung\",\"datePublished\":\"2018-12-19T09:12:16+00:00\",\"dateModified\":\"2018-12-19T09:13:34+00:00\",\"mainEntityOfPage\":{\"@id\":\"https:\/\/ablal.de\/verbundfolien-isolationsmaterial-dampfsperre-gebaeudedaemmung\/\"},\"wordCount\":345,\"commentCount\":0,\"articleSection\":[\"Allgemein\"],\"inLanguage\":\"fr-FR\",\"potentialAction\":[{\"@type\":\"CommentAction\",\"name\":\"Comment\",\"target\":[\"https:\/\/ablal.de\/verbundfolien-isolationsmaterial-dampfsperre-gebaeudedaemmung\/#respond\"]}]},{\"@type\":\"WebPage\",\"@id\":\"https:\/\/ablal.de\/verbundfolien-isolationsmaterial-dampfsperre-gebaeudedaemmung\/\",\"url\":\"https:\/\/ablal.de\/verbundfolien-isolationsmaterial-dampfsperre-gebaeudedaemmung\/\",\"name\":\"Verbundfolien als Isolation und Dampfsperre f\u00fcr Geb\u00e4uded\u00e4mmung\",\"isPartOf\":{\"@id\":\"https:\/\/ablal.de\/#website\"},\"datePublished\":\"2018-12-19T09:12:16+00:00\",\"dateModified\":\"2018-12-19T09:13:34+00:00\",\"author\":{\"@id\":\"https:\/\/ablal.de\/#\/schema\/person\/781b782616d3797b8332af97cd5470f3\"},\"description\":\"Verbundfolien, die zur Geb\u00e4uded\u00e4mmung verwendet werden, fungieren als Dampfsperre und W\u00e4rmeisolator, Schalld\u00e4mmung und W\u00e4rmed\u00e4mmung.\",\"breadcrumb\":{\"@id\":\"https:\/\/ablal.de\/verbundfolien-isolationsmaterial-dampfsperre-gebaeudedaemmung\/#breadcrumb\"},\"inLanguage\":\"fr-FR\",\"potentialAction\":[{\"@type\":\"ReadAction\",\"target\":[\"https:\/\/ablal.de\/verbundfolien-isolationsmaterial-dampfsperre-gebaeudedaemmung\/\"]}]},{\"@type\":\"BreadcrumbList\",\"@id\":\"https:\/\/ablal.de\/verbundfolien-isolationsmaterial-dampfsperre-gebaeudedaemmung\/#breadcrumb\",\"itemListElement\":[{\"@type\":\"ListItem\",\"position\":1,\"name\":\"Startseite\",\"item\":\"https:\/\/ablal.de\/\"},{\"@type\":\"ListItem\",\"position\":2,\"name\":\"Verbundfolien als Isolation und Dampfsperre f\u00fcr Geb\u00e4uded\u00e4mmung\"}]},{\"@type\":\"WebSite\",\"@id\":\"https:\/\/ablal.de\/#website\",\"url\":\"https:\/\/ablal.de\/\",\"name\":\"Aluminiumfolie, Blister, Laminate\",\"description\":\"ABL Al\",\"potentialAction\":[{\"@type\":\"SearchAction\",\"target\":{\"@type\":\"EntryPoint\",\"urlTemplate\":\"https:\/\/ablal.de\/?s={search_term_string}\"},\"query-input\":{\"@type\":\"PropertyValueSpecification\",\"valueRequired\":true,\"valueName\":\"search_term_string\"}}],\"inLanguage\":\"fr-FR\"},{\"@type\":\"Person\",\"@id\":\"https:\/\/ablal.de\/#\/schema\/person\/781b782616d3797b8332af97cd5470f3\",\"name\":\"admin\",\"image\":{\"@type\":\"ImageObject\",\"inLanguage\":\"fr-FR\",\"@id\":\"https:\/\/ablal.de\/#\/schema\/person\/image\/\",\"url\":\"https:\/\/secure.gravatar.com\/avatar\/e5cd6a082a9610122b683548f09817f169e693adf042f28428cbf76b1ca03d2c?s=96&d=mm&r=g\",\"contentUrl\":\"https:\/\/secure.gravatar.com\/avatar\/e5cd6a082a9610122b683548f09817f169e693adf042f28428cbf76b1ca03d2c?s=96&d=mm&r=g\",\"caption\":\"admin\"}}]}<\/script>\n<!-- \/ Yoast SEO plugin. -->","yoast_head_json":{"title":"Films composites comme isolation et pare-vapeur pour l'isolation des b\u00e2timents","description":"Les films composites utilis\u00e9s pour l'isolation des b\u00e2timents font office de pare-vapeur et d'isolant thermique, d'isolant acoustique et d'isolant thermique.","robots":{"index":"index","follow":"follow","max-snippet":"max-snippet:-1","max-image-preview":"max-image-preview:large","max-video-preview":"max-video-preview:-1"},"canonical":"https:\/\/ablal.de\/fr\/film-composite-materiau-disolation-pare-vapeur-isolation-des-batiments\/","og_locale":"fr_FR","og_type":"article","og_title":"Verbundfolien als Isolation und Dampfsperre f\u00fcr Geb\u00e4uded\u00e4mmung","og_description":"Verbundfolien, die zur Geb\u00e4uded\u00e4mmung verwendet werden, fungieren als Dampfsperre und W\u00e4rmeisolator, Schalld\u00e4mmung und W\u00e4rmed\u00e4mmung.","og_url":"https:\/\/ablal.de\/fr\/film-composite-materiau-disolation-pare-vapeur-isolation-des-batiments\/","og_site_name":"Aluminiumfolie, Blister, Laminate","article_published_time":"2018-12-19T09:12:16+00:00","article_modified_time":"2018-12-19T09:13:34+00:00","author":"admin","twitter_card":"summary_large_image","twitter_misc":{"\u00c9crit par":"admin","Dur\u00e9e de lecture estim\u00e9e":"2 minutes"},"schema":{"@context":"https:\/\/schema.org","@graph":[{"@type":"Article","@id":"https:\/\/ablal.de\/verbundfolien-isolationsmaterial-dampfsperre-gebaeudedaemmung\/#article","isPartOf":{"@id":"https:\/\/ablal.de\/verbundfolien-isolationsmaterial-dampfsperre-gebaeudedaemmung\/"},"author":{"name":"admin","@id":"https:\/\/ablal.de\/#\/schema\/person\/781b782616d3797b8332af97cd5470f3"},"headline":"Verbundfolien als Isolation und Dampfsperre f\u00fcr Geb\u00e4uded\u00e4mmung","datePublished":"2018-12-19T09:12:16+00:00","dateModified":"2018-12-19T09:13:34+00:00","mainEntityOfPage":{"@id":"https:\/\/ablal.de\/verbundfolien-isolationsmaterial-dampfsperre-gebaeudedaemmung\/"},"wordCount":345,"commentCount":0,"articleSection":["Allgemein"],"inLanguage":"fr-FR","potentialAction":[{"@type":"CommentAction","name":"Comment","target":["https:\/\/ablal.de\/verbundfolien-isolationsmaterial-dampfsperre-gebaeudedaemmung\/#respond"]}]},{"@type":"WebPage","@id":"https:\/\/ablal.de\/verbundfolien-isolationsmaterial-dampfsperre-gebaeudedaemmung\/","url":"https:\/\/ablal.de\/verbundfolien-isolationsmaterial-dampfsperre-gebaeudedaemmung\/","name":"Films composites comme isolation et pare-vapeur pour l'isolation des b\u00e2timents","isPartOf":{"@id":"https:\/\/ablal.de\/#website"},"datePublished":"2018-12-19T09:12:16+00:00","dateModified":"2018-12-19T09:13:34+00:00","author":{"@id":"https:\/\/ablal.de\/#\/schema\/person\/781b782616d3797b8332af97cd5470f3"},"description":"Les films composites utilis\u00e9s pour l'isolation des b\u00e2timents font office de pare-vapeur et d'isolant thermique, d'isolant acoustique et d'isolant thermique.","breadcrumb":{"@id":"https:\/\/ablal.de\/verbundfolien-isolationsmaterial-dampfsperre-gebaeudedaemmung\/#breadcrumb"},"inLanguage":"fr-FR","potentialAction":[{"@type":"ReadAction","target":["https:\/\/ablal.de\/verbundfolien-isolationsmaterial-dampfsperre-gebaeudedaemmung\/"]}]},{"@type":"BreadcrumbList","@id":"https:\/\/ablal.de\/verbundfolien-isolationsmaterial-dampfsperre-gebaeudedaemmung\/#breadcrumb","itemListElement":[{"@type":"ListItem","position":1,"name":"Startseite","item":"https:\/\/ablal.de\/"},{"@type":"ListItem","position":2,"name":"Verbundfolien als Isolation und Dampfsperre f\u00fcr Geb\u00e4uded\u00e4mmung"}]},{"@type":"WebSite","@id":"https:\/\/ablal.de\/#website","url":"https:\/\/ablal.de\/","name":"Feuille d'aluminium, blisters, lamin\u00e9s","description":"ABL Al","potentialAction":[{"@type":"SearchAction","target":{"@type":"EntryPoint","urlTemplate":"https:\/\/ablal.de\/?s={search_term_string}"},"query-input":{"@type":"PropertyValueSpecification","valueRequired":true,"valueName":"search_term_string"}}],"inLanguage":"fr-FR"},{"@type":"Person","@id":"https:\/\/ablal.de\/#\/schema\/person\/781b782616d3797b8332af97cd5470f3","name":"admin","image":{"@type":"ImageObject","inLanguage":"fr-FR","@id":"https:\/\/ablal.de\/#\/schema\/person\/image\/","url":"https:\/\/secure.gravatar.com\/avatar\/e5cd6a082a9610122b683548f09817f169e693adf042f28428cbf76b1ca03d2c?s=96&d=mm&r=g","contentUrl":"https:\/\/secure.gravatar.com\/avatar\/e5cd6a082a9610122b683548f09817f169e693adf042f28428cbf76b1ca03d2c?s=96&d=mm&r=g","caption":"admin"}}]}},"_links":{"self":[{"href":"https:\/\/ablal.de\/fr\/wp-json\/wp\/v2\/posts\/85","targetHints":{"allow":["GET"]}}],"collection":[{"href":"https:\/\/ablal.de\/fr\/wp-json\/wp\/v2\/posts"}],"about":[{"href":"https:\/\/ablal.de\/fr\/wp-json\/wp\/v2\/types\/post"}],"author":[{"embeddable":true,"href":"https:\/\/ablal.de\/fr\/wp-json\/wp\/v2\/users\/1"}],"replies":[{"embeddable":true,"href":"https:\/\/ablal.de\/fr\/wp-json\/wp\/v2\/comments?post=85"}],"version-history":[{"count":2,"href":"https:\/\/ablal.de\/fr\/wp-json\/wp\/v2\/posts\/85\/revisions"}],"predecessor-version":[{"id":87,"href":"https:\/\/ablal.de\/fr\/wp-json\/wp\/v2\/posts\/85\/revisions\/87"}],"wp:attachment":[{"href":"https:\/\/ablal.de\/fr\/wp-json\/wp\/v2\/media?parent=85"}],"wp:term":[{"taxonomy":"category","embeddable":true,"href":"https:\/\/ablal.de\/fr\/wp-json\/wp\/v2\/categories?post=85"},{"taxonomy":"post_tag","embeddable":true,"href":"https:\/\/ablal.de\/fr\/wp-json\/wp\/v2\/tags?post=85"}],"curies":[{"name":"wp","href":"https:\/\/api.w.org\/{rel}","templated":true}]}}